{"id":121,"date":"2010-08-21T15:53:23","date_gmt":"2010-08-21T13:53:23","guid":{"rendered":"http:\/\/eric-borger.com\/?p=121"},"modified":"2017-05-02T15:58:59","modified_gmt":"2017-05-02T13:58:59","slug":"inferno-triathlon-muerren-schilthorn-2010","status":"publish","type":"post","link":"https:\/\/eric-borger.com\/?p=121","title":{"rendered":"Inferno Triathlon M\u00fcrren-Schilthorn 2010"},"content":{"rendered":"<p>einer der anspruchsvollsten Triathlons!<\/p>\n<p>F\u00fcnf Wochen nach der Langdistanz in Roth, zweieinhalb Wochen nach meiner Besteigung von Europas h\u00f6chsten Gipfel, dem 5.642 Meter hohen Elbrus in Russland und nur 6 Tage nach dem Ironman 70.3 in Wiesbaden, stand mit dem Inferno Triathlon ein weiteres Highlight in meinem Rennkalender.<br \/>\n<!--more--><\/p>\n<p>Die Erwartungen waren auf Grund der Vorbelastungen nicht hoch, das verletzungsfreie Finish stand im Vordergrund.<\/p>\n<p>Die Wettervorhersage war vielversprechend: viel Sonne, wenig Wolken und bis 28 Grad, alles in allem deutlich besser als letzten Sonntag in Wiesbaden. Lediglich der Thuner See war mit rund 16-17 Grad sehr frisch. Um 6:30 Uhr ging\u00b4s in den See, Wind sorgte f\u00fcr Wellen von vorn, was das Schwimmen nicht wirklich positiv beeinflusste. Das kalte Wasser und die Wellen von vorn sorgten dann f\u00fcr die relativ schlechte Schwimmzeit von 1:11:09h. Vor f\u00fcnf Wochen bin ich in dieser Zeit noch rund 700m mehr geschwommen und auch im Verh\u00e4ltnis zu meinem letzten Start im Thuner See, lag ich gut 10 Minuten hinter meiner Zeit. Beim umschauen in der Wechselzone hatte ich allerdings das Gef\u00fchl, dass viele etwas mit den Bedingungen zu k\u00e4mpfen hatten, denn es standen noch etliche R\u00e4der in Wechselzone.<\/p>\n<p>Auf dem Rennrad liefs dann ganz gut. Direkt nach der Wechselzone ging es in den ersten Anstieg, zum Beatenberg. Von 562m hoch auf 1153hm. Dann, bei tollem Ausblick \u00fcber den Thuner See, gings runter Richtung Interlaken, entlang dem Brienzer See Richtung Meiringen (593hm) und von dort hoch auf die Gro\u00dfe Scheidegg auf 1962 Meter \u00fcber n.N..<\/p>\n<p>Es lief gut f\u00fcr mich und ich konnte einige Pl\u00e4tze und insbesondere rund 24 Minuten auf meine letztj\u00e4hrige Zeit gut machen. Von der Grossen Scheidegg gings runter nach Grindelwald. Auf Grund meiner vorsichtigen Fahrweise wurde ich hier zwar wieder von einigen Athleten \u00fcberholt, aber ich wollte hier nichts riskieren. Unterm Strich standen 4:24:27h f\u00fcr 97km mit 2.145hm.<\/p>\n<p>In Grindelwald konnte ich vor der Wechselzone mein Rennrad an meinen Supporter Stefan \u00fcbergeben, mir mein MTB schnappen und mich auf die 30km Strecke hoch zur Kleinen Scheidegg (2.061hm) machen. Eine echte Schinderei, aber auch hier konnte ich wieder einige Pl\u00e4tze gut machen und meine Vorjahreszeit um 13 Minuten auf 2:36:24h verbessern.<\/p>\n<p>Nach 8:12h erreichte ich die Wechselzone zum Lauf in Stechelberg. Nun kamen erstmal flache 5km nach Lauterbrunnen (795hm), bevor es im Ort in den ersten Anstieg nach M\u00fcrren (1.640hm) ging. Richtung M\u00fcrren gab es noch mal ein paar relativ flache Kilometer bevor es dann vom M\u00fcrren aus auf die letzten 8km mit noch mals 1.330hm hinauf zum Schilthorn (2.970hm) ging. 4:50:20h sollte ich f\u00fcr die insgesamt 25km mit 2.175hm ben\u00f6tigen. Auch wieder schneller als im vergangenen Jahr.<\/p>\n<p>Am Ende standen 13:02:22 und damit 29 Minuten weniger als im letzten Jahr auf der Uhr. Mit dem Ergebnis bin ich, besonders im Hinblick auf die Vorbelastung, mehr als zufrieden. Beim diesj\u00e4hrigen Kaiserwetter ein Traumwettkampf und jedem zu empfehlen, der mal etwas h\u00e4rteres als einen Ironman machen m\u00f6chte.<\/p>\n<p>Ein besonderer Dank an Stefan, der mich zum Rennen begleitet und mir einige Arbeit vor, w\u00e4hrend und nach dem Rennen abgenommen hat.<\/p>\n<p><a href=\"https:\/\/goo.gl\/photos\/AEPFfy4732Yo9nJJ9\">hier gehts zu den Bildern <\/a> <\/p>\n","protected":false},"excerpt":{"rendered":"<p>einer der anspruchsvollsten Triathlons! F\u00fcnf Wochen nach der Langdistanz in Roth, zweieinhalb Wochen nach meiner Besteigung von Europas h\u00f6chsten Gipfel, dem 5.642 Meter hohen Elbrus in Russland und nur 6 Tage nach dem Ironman 70.3 in Wiesbaden, stand mit dem Inferno Triathlon ein weiteres Highlight in meinem Rennkalender.<\/p>\n","protected":false},"author":1,"featured_media":122,"comment_status":"open","ping_status":"open","sticky":false,"template":"","format":"standard","meta":{"_jetpack_memberships_contains_paid_content":false,"footnotes":""},"categories":[4],"tags":[],"class_list":["post-121","post","type-post","status-publish","format-standard","has-post-thumbnail","hentry","category-rennberichte"],"jetpack_featured_media_url":"https:\/\/eric-borger.com\/wp-content\/uploads\/2017\/05\/1405774_orig.jpg","jetpack_sharing_enabled":true,"_links":{"self":[{"href":"https:\/\/eric-borger.com\/index.php?rest_route=\/wp\/v2\/posts\/121","targetHints":{"allow":["GET"]}}],"collection":[{"href":"https:\/\/eric-borger.com\/index.php?rest_route=\/wp\/v2\/posts"}],"about":[{"href":"https:\/\/eric-borger.com\/index.php?rest_route=\/wp\/v2\/types\/post"}],"author":[{"embeddable":true,"href":"https:\/\/eric-borger.com\/index.php?rest_route=\/wp\/v2\/users\/1"}],"replies":[{"embeddable":true,"href":"https:\/\/eric-borger.com\/index.php?rest_route=%2Fwp%2Fv2%2Fcomments&post=121"}],"version-history":[{"count":3,"href":"https:\/\/eric-borger.com\/index.php?rest_route=\/wp\/v2\/posts\/121\/revisions"}],"predecessor-version":[{"id":125,"href":"https:\/\/eric-borger.com\/index.php?rest_route=\/wp\/v2\/posts\/121\/revisions\/125"}],"wp:featuredmedia":[{"embeddable":true,"href":"https:\/\/eric-borger.com\/index.php?rest_route=\/wp\/v2\/media\/122"}],"wp:attachment":[{"href":"https:\/\/eric-borger.com\/index.php?rest_route=%2Fwp%2Fv2%2Fmedia&parent=121"}],"wp:term":[{"taxonomy":"category","embeddable":true,"href":"https:\/\/eric-borger.com\/index.php?rest_route=%2Fwp%2Fv2%2Fcategories&post=121"},{"taxonomy":"post_tag","embeddable":true,"href":"https:\/\/eric-borger.com\/index.php?rest_route=%2Fwp%2Fv2%2Ftags&post=121"}],"curies":[{"name":"wp","href":"https:\/\/api.w.org\/{rel}","templated":true}]}}