{"id":615,"date":"2019-04-08T11:00:48","date_gmt":"2019-04-08T09:00:48","guid":{"rendered":"http:\/\/eric-borger.com\/?p=615"},"modified":"2019-04-11T14:28:34","modified_gmt":"2019-04-11T12:28:34","slug":"l-integrale-des-fous-2-tage-150km","status":"publish","type":"post","link":"https:\/\/eric-borger.com\/?p=615","title":{"rendered":"L\u2018 Integrale des fous- 2 Tage 150km"},"content":{"rendered":"\n<p>Nachdem die Qualifikation f\u00fcr den UTMB mal wieder versch\u00e4rft wurde, war ich auf der Suche nach einem 6 Punkte Lauf und bin in den Vogesen f\u00fcndig geworden.<\/p>\n\n\n\n<p>Es sind zwar weiterhin 15 Punkte aus drei Rennen zu liefern, jedoch wurden die Anforderungen an die Strecken erh\u00f6ht, sodass man die L\u00e4ufe technischer und l\u00e4nger gemacht hat.<\/p>\n\n\n\n<!--more-->\n\n\n\n<p>So stand am Samstag ein 107km Lauf mit 3.700hm auf dem Programm.<\/p>\n\n\n\n<p>Die ersten 74km kannte ich bereits aus zwei fr\u00fcheren Teilnahmen, da es sich hier um die Strecke des \u201eDefi des Seigneurs\u201c handelt. Auf diesen 74km konnte ich meine Zeit im Vergleich zu meinen beiden fr\u00fcheren Teilnahmen um gut eine Stunde verbessern.<\/p>\n\n\n\n<p>Die neue, zus\u00e4tzliche 33km Schleife hatte es dann aber in sich. Zun\u00e4chst ging es \u00fcber rund 50m durch einen kalten Bach. Mit kalten und nassen F\u00fc\u00dfen ging es dann weiter. Ein st\u00e4ndiges, trailiges Auf-&amp;Ab, gut 1.200hm allein auf dieser Runde. <\/p>\n\n\n\n<p>Gegen Ende wurde es dann nochmal eng mit der Cutoff-Zeit. Ich war der letzte L\u00e4ufer, der die 100km Kontrolle passieren durfte.<\/p>\n\n\n\n<p>Es waren da noch einige Athleten hinter mir, die dann leider ihren Lauf nicht beenden bzw offiziell finishen d\u00fcrften.<\/p>\n\n\n\n<p>Kurz vorm Ziel musste dann nochmal der Bach durchquert werden. Der war immerhin hat noch so unangenehm kalt, wie beim ersten Mal.<\/p>\n\n\n\n<p>Als drittletzter Finisher errichte ich nach 16:36h das Ziel. 25 L\u00e4ufer sind entweder vorher ausgestiegen oder am Cutoff gescheitert.<\/p>\n\n\n\n<p>Strecke und H\u00f6henprofil:<\/p>\n\n\n\n<p><\/p>\n\n\n\n<p><\/p>\n\n\n\n<p><\/p>\n\n\n\n<figure class=\"wp-block-image\"><img loading=\"lazy\" decoding=\"async\" width=\"586\" height=\"697\" src=\"https:\/\/eric-borger.com\/wp-content\/uploads\/2019\/04\/24EE5039-EB21-4637-8429-69884F89238A.jpeg\" alt=\"\" class=\"wp-image-616\" srcset=\"https:\/\/eric-borger.com\/wp-content\/uploads\/2019\/04\/24EE5039-EB21-4637-8429-69884F89238A.jpeg 586w, https:\/\/eric-borger.com\/wp-content\/uploads\/2019\/04\/24EE5039-EB21-4637-8429-69884F89238A-252x300.jpeg 252w\" sizes=\"auto, (max-width: 586px) 100vw, 586px\" \/><\/figure>\n\n\n\n<figure class=\"wp-block-image\"><img loading=\"lazy\" decoding=\"async\" width=\"624\" height=\"737\" src=\"https:\/\/eric-borger.com\/wp-content\/uploads\/2019\/04\/EE5E818A-3852-4351-8575-963BBE05A90B.jpeg\" alt=\"\" class=\"wp-image-617\" srcset=\"https:\/\/eric-borger.com\/wp-content\/uploads\/2019\/04\/EE5E818A-3852-4351-8575-963BBE05A90B.jpeg 624w, https:\/\/eric-borger.com\/wp-content\/uploads\/2019\/04\/EE5E818A-3852-4351-8575-963BBE05A90B-254x300.jpeg 254w\" sizes=\"auto, (max-width: 624px) 100vw, 624px\" \/><\/figure>\n\n\n\n\n\n<p>Nach einer kurzen und unruhigen Nacht, ging es am 2 Tag \u00fcber 43km mit 1.500hm.<\/p>\n\n\n\n<p>Die spannende Frage war nun, wie sich nach der Vorbelastung dann noch ein Marathon laufen l\u00e4sst. Und es ging erstaunlich gut.<\/p>\n\n\n\n<p>Da es sich gestern direkt nach dem Start im ersten Anstieg ziemlich gestaut hat, habe ich mich diesmal etwas weiter vorn eingereiht. Bergauf bin ich ja ohnehin schneller als bergab.<\/p>\n\n\n\n<p>Ich wollte die Strecke in rund 6h absolvieren, um dann noch rechtzeitig zu Hause zu sein, damit ich die Kinder vorm Schlafen noch sehe.<\/p>\n\n\n\n<p>Tja, was soll ich sagen. Ich war echt positiv \u00fcberrascht, wie gut die Beine mitgemacht haben. L\u00e4uferisch war ich echt zufrieden. Lediglich der Magen bzw die Verdauung wollte diesmal nicht so, was zu drei zus\u00e4tzlichen Pausen f\u00fchrte.<\/p>\n\n\n\n<p>Die Streckenf\u00fchrung war etwas einfach als gestern, also der Anteil gut und leicht zu laufender Wege war h\u00f6her.<\/p>\n\n\n\n<p>So kam ich nach 6:03h also trotz der 3 Zwangspausen im Rahmen meiner Erwartungen ins Ziel und mit der Zeit sogar im hinteren Mittelfeld. Ich konnte also trotz der Vorbelastung noch recht viele \u201efrische\u201c L\u00e4ufer, also solche, die \u201enur\u201c den Marathon absolviert haben, hinter mir lassen. Auch konnte ich mich im Gesamtranking ein St\u00fcck weiter nach vorn arbeiten. War ich \u00fcber die 107km noch Drittletzter, kam ich dann durch den ganz passablen Marathon auf Rang 34 von Gesamt 79 gemeldeten L\u00e4ufern \u00fcber die beiden L\u00e4ufe.<\/p>\n\n\n\n<p><\/p>\n\n\n\n<p>Stecke und H\u00f6henprofil vom zweiten Tag:<\/p>\n\n\n\n<figure class=\"wp-block-image\"><img loading=\"lazy\" decoding=\"async\" width=\"623\" height=\"865\" src=\"https:\/\/eric-borger.com\/wp-content\/uploads\/2019\/04\/543BC860-003A-4E2C-9A3C-0D8BE3996111.jpeg\" alt=\"\" class=\"wp-image-619\" srcset=\"https:\/\/eric-borger.com\/wp-content\/uploads\/2019\/04\/543BC860-003A-4E2C-9A3C-0D8BE3996111.jpeg 623w, https:\/\/eric-borger.com\/wp-content\/uploads\/2019\/04\/543BC860-003A-4E2C-9A3C-0D8BE3996111-216x300.jpeg 216w\" sizes=\"auto, (max-width: 623px) 100vw, 623px\" \/><\/figure>\n\n\n\n<figure class=\"wp-block-image\"><img loading=\"lazy\" decoding=\"async\" width=\"634\" height=\"736\" src=\"https:\/\/eric-borger.com\/wp-content\/uploads\/2019\/04\/824339F9-66AF-4C37-8BE7-6523B4ADC424.jpeg\" alt=\"\" class=\"wp-image-620\" srcset=\"https:\/\/eric-borger.com\/wp-content\/uploads\/2019\/04\/824339F9-66AF-4C37-8BE7-6523B4ADC424.jpeg 634w, https:\/\/eric-borger.com\/wp-content\/uploads\/2019\/04\/824339F9-66AF-4C37-8BE7-6523B4ADC424-258x300.jpeg 258w\" sizes=\"auto, (max-width: 634px) 100vw, 634px\" \/><\/figure>\n\n\n\n<figure class=\"wp-block-image\"><img loading=\"lazy\" decoding=\"async\" width=\"1024\" height=\"768\" src=\"https:\/\/eric-borger.com\/wp-content\/uploads\/2019\/04\/118F96EB-A69E-4A14-8BD7-7D4F91F3C5A8-1024x768.jpeg\" alt=\"\" class=\"wp-image-625\" srcset=\"https:\/\/eric-borger.com\/wp-content\/uploads\/2019\/04\/118F96EB-A69E-4A14-8BD7-7D4F91F3C5A8-1024x768.jpeg 1024w, https:\/\/eric-borger.com\/wp-content\/uploads\/2019\/04\/118F96EB-A69E-4A14-8BD7-7D4F91F3C5A8-300x225.jpeg 300w, https:\/\/eric-borger.com\/wp-content\/uploads\/2019\/04\/118F96EB-A69E-4A14-8BD7-7D4F91F3C5A8-768x576.jpeg 768w, https:\/\/eric-borger.com\/wp-content\/uploads\/2019\/04\/118F96EB-A69E-4A14-8BD7-7D4F91F3C5A8.jpeg 1233w\" sizes=\"auto, (max-width: 767px) 89vw, (max-width: 1000px) 54vw, (max-width: 1071px) 543px, 580px\" \/><\/figure>\n\n\n\n<p><\/p>\n\n\n\n<figure class=\"wp-block-embed is-type-video is-provider-relive\"><div class=\"wp-block-embed__wrapper\">\nhttps:\/\/www.relive.cc\/view\/2271824714\n<\/div><\/figure>\n\n\n\n<p>Es war wieder eine sehr gelungene Veranstaltung mit super Verpflegung und netten Helfern. Ein kleiner Wermutstropfen ist allerdings, dass es lediglich einheitliche Medaillen gab und zwar mit 74km Aufdruck, aber man macht es ja nicht wegen der Medaillen.<\/p>\n\n\n\n<p>An dieser Stelle vielen Dank an meine Frau Katharina, die mir das freie Wochenende erm\u00f6glicht hat und mit den zwei Kindern mit Sicherheit die h\u00e4rteren zwei Tage hatte.<\/p>\n\n\n\n<p>Hier noch ein Link auf Bilder und ein kurzes Video<\/p>\n\n\n\n<p><a href=\"https:\/\/photos.app.goo.gl\/uSgWtk6n2CGXhRFdA \">https:\/\/photos.app.goo.gl\/uSgWtk6n2CGXhRFdA <\/a><\/p>\n\n\n\n<p><\/p>\n\n\n\n<figure class=\"wp-block-embed-youtube wp-block-embed is-type-video is-provider-youtube wp-embed-aspect-16-9 wp-has-aspect-ratio\"><div class=\"wp-block-embed__wrapper\">\n<iframe loading=\"lazy\" title=\"LI\u0300ntegrale des fous 2019\" width=\"525\" height=\"295\" src=\"https:\/\/www.youtube.com\/embed\/cdMyXlDLSdo?feature=oembed\" frameborder=\"0\" allow=\"accelerometer; autoplay; clipboard-write; encrypted-media; gyroscope; picture-in-picture; web-share\" referrerpolicy=\"strict-origin-when-cross-origin\" allowfullscreen><\/iframe>\n<\/div><\/figure>\n\n\n\n<p><\/p>\n","protected":false},"excerpt":{"rendered":"<p>Nachdem die Qualifikation f\u00fcr den UTMB mal wieder versch\u00e4rft wurde, war ich auf der Suche nach einem 6 Punkte Lauf und bin in den Vogesen f\u00fcndig geworden. Es sind zwar weiterhin 15 Punkte aus drei Rennen zu liefern, jedoch wurden die Anforderungen an die Strecken erh\u00f6ht, sodass man die L\u00e4ufe technischer und l\u00e4nger gemacht hat.<\/p>\n","protected":false},"author":1,"featured_media":0,"comment_status":"open","ping_status":"open","sticky":false,"template":"","format":"standard","meta":{"_jetpack_memberships_contains_paid_content":false,"footnotes":""},"categories":[5,14,4],"tags":[],"class_list":["post-615","post","type-post","status-publish","format-standard","hentry","category-blogbeitraege","category-maratholaeufe","category-rennberichte"],"jetpack_featured_media_url":"","jetpack_sharing_enabled":true,"_links":{"self":[{"href":"https:\/\/eric-borger.com\/index.php?rest_route=\/wp\/v2\/posts\/615","targetHints":{"allow":["GET"]}}],"collection":[{"href":"https:\/\/eric-borger.com\/index.php?rest_route=\/wp\/v2\/posts"}],"about":[{"href":"https:\/\/eric-borger.com\/index.php?rest_route=\/wp\/v2\/types\/post"}],"author":[{"embeddable":true,"href":"https:\/\/eric-borger.com\/index.php?rest_route=\/wp\/v2\/users\/1"}],"replies":[{"embeddable":true,"href":"https:\/\/eric-borger.com\/index.php?rest_route=%2Fwp%2Fv2%2Fcomments&post=615"}],"version-history":[{"count":7,"href":"https:\/\/eric-borger.com\/index.php?rest_route=\/wp\/v2\/posts\/615\/revisions"}],"predecessor-version":[{"id":632,"href":"https:\/\/eric-borger.com\/index.php?rest_route=\/wp\/v2\/posts\/615\/revisions\/632"}],"wp:attachment":[{"href":"https:\/\/eric-borger.com\/index.php?rest_route=%2Fwp%2Fv2%2Fmedia&parent=615"}],"wp:term":[{"taxonomy":"category","embeddable":true,"href":"https:\/\/eric-borger.com\/index.php?rest_route=%2Fwp%2Fv2%2Fcategories&post=615"},{"taxonomy":"post_tag","embeddable":true,"href":"https:\/\/eric-borger.com\/index.php?rest_route=%2Fwp%2Fv2%2Ftags&post=615"}],"curies":[{"name":"wp","href":"https:\/\/api.w.org\/{rel}","templated":true}]}}